{"id":224,"date":"2018-08-24T15:38:56","date_gmt":"2018-08-24T13:38:56","guid":{"rendered":"http:\/\/busywynajem.eu\/?p=224"},"modified":"2018-10-26T14:58:53","modified_gmt":"2018-10-26T12:58:53","slug":"wakacyjna-wycieczka-naszym-busem","status":"publish","type":"post","link":"http:\/\/busywynajem.eu\/?p=224","title":{"rendered":"Wakacyjna wycieczka naszym busem!"},"content":{"rendered":"<p>Wi\u0119ksze podr\u00f3\u017ce i ma\u0142e wycieczki nie odb\u0119d\u0105 si\u0119 bez odpowiedniego transportu. Idealnym rozwi\u0105zaniem, aby komfortowo i bezpiecznie podr\u00f3\u017cowa\u0107 w wi\u0119kszej grupie os\u00f3b, jest wypo\u017cyczenie busa. Tym razem nasz 9-osobowy \u015brodek transportu zosta\u0142 wynaj\u0119ty przez fantastyczn\u0105 grup\u0119 turyst\u00f3w. Podr\u00f3\u017c trwa\u0142a kilka godzin, by m\u00f3c znale\u017a\u0107 si\u0119 w malowniczych polskich miejscowo\u015bciach nad jeziorami. To kolejna udana wycieczka naszym autem, kt\u00f3re pozwoli\u0142o na \u015bwietny wsp\u00f3lny wypad na Warmie i Mazury. Cieszy nas gdy widzimy ten u\u015bmiech wracaj\u0105cych z wycieczki klient\u00f3w.<\/p>\n<p><img loading=\"lazy\" decoding=\"async\" class=\"alignnone size-medium wp-image-227\" src=\"http:\/\/busywynajem.eu\/wp-content\/uploads\/2018\/08\/39931064_1837945706290272_8302516827955658752_n-300x225.jpg\" alt=\"\" width=\"300\" height=\"225\" srcset=\"http:\/\/busywynajem.eu\/wp-content\/uploads\/2018\/08\/39931064_1837945706290272_8302516827955658752_n-300x225.jpg 300w, http:\/\/busywynajem.eu\/wp-content\/uploads\/2018\/08\/39931064_1837945706290272_8302516827955658752_n.jpg 373w\" sizes=\"auto, (max-width: 300px) 100vw, 300px\" \/><img loading=\"lazy\" decoding=\"async\" class=\"alignnone size-medium wp-image-229\" src=\"http:\/\/busywynajem.eu\/wp-content\/uploads\/2018\/08\/39948916_312846969262669_1226302210564947968_n-300x225.jpg\" alt=\"\" width=\"300\" height=\"225\" srcset=\"http:\/\/busywynajem.eu\/wp-content\/uploads\/2018\/08\/39948916_312846969262669_1226302210564947968_n-300x225.jpg 300w, http:\/\/busywynajem.eu\/wp-content\/uploads\/2018\/08\/39948916_312846969262669_1226302210564947968_n.jpg 373w\" sizes=\"auto, (max-width: 300px) 100vw, 300px\" \/>\u00a0<img loading=\"lazy\" decoding=\"async\" class=\"alignnone size-medium wp-image-231\" src=\"http:\/\/busywynajem.eu\/wp-content\/uploads\/2018\/08\/40016068_320745591816432_7951887169767866368_n-300x225.jpg\" alt=\"\" width=\"300\" height=\"225\" srcset=\"http:\/\/busywynajem.eu\/wp-content\/uploads\/2018\/08\/40016068_320745591816432_7951887169767866368_n-300x225.jpg 300w, http:\/\/busywynajem.eu\/wp-content\/uploads\/2018\/08\/40016068_320745591816432_7951887169767866368_n.jpg 373w\" sizes=\"auto, (max-width: 300px) 100vw, 300px\" \/><img loading=\"lazy\" decoding=\"async\" class=\"alignnone size-medium wp-image-230\" src=\"http:\/\/busywynajem.eu\/wp-content\/uploads\/2018\/08\/39950282_324068294834930_7799195305664053248_n-300x225.jpg\" alt=\"\" width=\"300\" height=\"225\" srcset=\"http:\/\/busywynajem.eu\/wp-content\/uploads\/2018\/08\/39950282_324068294834930_7799195305664053248_n-300x225.jpg 300w, http:\/\/busywynajem.eu\/wp-content\/uploads\/2018\/08\/39950282_324068294834930_7799195305664053248_n.jpg 373w\" sizes=\"auto, (max-width: 300px) 100vw, 300px\" \/>\u00a0<img loading=\"lazy\" decoding=\"async\" class=\"alignnone size-medium wp-image-232\" src=\"http:\/\/busywynajem.eu\/wp-content\/uploads\/2018\/08\/40023725_255142682005119_1943393974689464320_n-300x225.jpg\" alt=\"\" width=\"300\" height=\"225\" srcset=\"http:\/\/busywynajem.eu\/wp-content\/uploads\/2018\/08\/40023725_255142682005119_1943393974689464320_n-300x225.jpg 300w, http:\/\/busywynajem.eu\/wp-content\/uploads\/2018\/08\/40023725_255142682005119_1943393974689464320_n.jpg 373w\" sizes=\"auto, (max-width: 300px) 100vw, 300px\" \/><img loading=\"lazy\" decoding=\"async\" class=\"alignnone size-medium wp-image-233\" src=\"http:\/\/busywynajem.eu\/wp-content\/uploads\/2018\/08\/40051764_454230571749035_5221656191473549312_n-300x225.jpg\" alt=\"\" width=\"300\" height=\"225\" srcset=\"http:\/\/busywynajem.eu\/wp-content\/uploads\/2018\/08\/40051764_454230571749035_5221656191473549312_n-300x225.jpg 300w, http:\/\/busywynajem.eu\/wp-content\/uploads\/2018\/08\/40051764_454230571749035_5221656191473549312_n.jpg 373w\" sizes=\"auto, (max-width: 300px) 100vw, 300px\" \/><\/p>\n","protected":false},"excerpt":{"rendered":"<p>Wi\u0119ksze podr\u00f3\u017ce i ma\u0142e wycieczki nie odb\u0119d\u0105 si\u0119 bez odpowiedniego transportu. Idealnym rozwi\u0105zaniem, aby komfortowo i bezpiecznie podr\u00f3\u017cowa\u0107 w wi\u0119kszej grupie os\u00f3b, jest wypo\u017cyczenie busa. Tym razem nasz 9-osobowy \u015brodek transportu zosta\u0142 wynaj\u0119ty przez fantastyczn\u0105 grup\u0119 turyst\u00f3w. Podr\u00f3\u017c trwa\u0142a kilka godzin, by m\u00f3c znale\u017a\u0107 si\u0119 w malowniczych polskich miejscowo\u015bciach nad jeziorami. To kolejna udana wycieczka [&hellip;]<\/p>\n","protected":false},"author":1,"featured_media":229,"comment_status":"closed","ping_status":"closed","sticky":false,"template":"","format":"standard","meta":{"footnotes":""},"categories":[16],"tags":[],"class_list":["post-224","post","type-post","status-publish","format-standard","has-post-thumbnail","hentry","category-aktualnosci"],"aioseo_notices":[],"_links":{"self":[{"href":"http:\/\/busywynajem.eu\/index.php?rest_route=\/wp\/v2\/posts\/224","targetHints":{"allow":["GET"]}}],"collection":[{"href":"http:\/\/busywynajem.eu\/index.php?rest_route=\/wp\/v2\/posts"}],"about":[{"href":"http:\/\/busywynajem.eu\/index.php?rest_route=\/wp\/v2\/types\/post"}],"author":[{"embeddable":true,"href":"http:\/\/busywynajem.eu\/index.php?rest_route=\/wp\/v2\/users\/1"}],"replies":[{"embeddable":true,"href":"http:\/\/busywynajem.eu\/index.php?rest_route=%2Fwp%2Fv2%2Fcomments&post=224"}],"version-history":[{"count":3,"href":"http:\/\/busywynajem.eu\/index.php?rest_route=\/wp\/v2\/posts\/224\/revisions"}],"predecessor-version":[{"id":234,"href":"http:\/\/busywynajem.eu\/index.php?rest_route=\/wp\/v2\/posts\/224\/revisions\/234"}],"wp:featuredmedia":[{"embeddable":true,"href":"http:\/\/busywynajem.eu\/index.php?rest_route=\/wp\/v2\/media\/229"}],"wp:attachment":[{"href":"http:\/\/busywynajem.eu\/index.php?rest_route=%2Fwp%2Fv2%2Fmedia&parent=224"}],"wp:term":[{"taxonomy":"category","embeddable":true,"href":"http:\/\/busywynajem.eu\/index.php?rest_route=%2Fwp%2Fv2%2Fcategories&post=224"},{"taxonomy":"post_tag","embeddable":true,"href":"http:\/\/busywynajem.eu\/index.php?rest_route=%2Fwp%2Fv2%2Ftags&post=224"}],"curies":[{"name":"wp","href":"https:\/\/api.w.org\/{rel}","templated":true}]}}