{"id":557,"date":"2020-02-09T15:58:39","date_gmt":"2020-02-09T14:58:39","guid":{"rendered":"http:\/\/busywynajem.eu\/?p=557"},"modified":"2020-03-03T16:29:54","modified_gmt":"2020-03-03T15:29:54","slug":"wynajmij-busa-w-warszawie-na-okres-ferii","status":"publish","type":"post","link":"http:\/\/busywynajem.eu\/?p=557","title":{"rendered":"Wynajmij busa w Warszawie na okres ferii!"},"content":{"rendered":"<p>Wynajem bus\u00f3w do przewozu os\u00f3b jest bardzo korzystnym rozwi\u0105zaniem bez wzgl\u0119du na sytuacje. Kusz\u0105 po pierwsze niskie koszty, a tak\u017ce dysponowanie autem przez wybrany przez Nas okres czasu. Wypo\u017cyczanie tego typu pojazd\u00f3w staje si\u0119 coraz cz\u0119stsze zar\u00f3wno w\u015br\u00f3d firm, jak i os\u00f3b prywatnych, szczeg\u00f3lnie ze wzgl\u0119du na to, \u017ce busy mog\u0105 pomie\u015bci\u0107 niestandardow\u0105 liczb\u0119 os\u00f3b.<\/p>\n<h2>Wybierasz si\u0119 na wycieczk\u0119? Wynajmij busa!<\/h2>\n<p>Ze wzgl\u0119du na to, \u017ce wynajem bus\u00f3w w Warszawie ma w swojej <a href=\"https:\/\/busywynajem.eu\/oferta\/\">ofercie<\/a> 9-osobowe busy marki Opel Vivaro oraz Mercedesy Vito Tourer z automatyczn\u0105 skrzyni\u0105 bieg\u00f3w, firma jest idealnym rozwi\u0105zaniem dla ka\u017cdego, kto chce podr\u00f3\u017cowa\u0107 w mniejszym gronie. Je\u015bli planujesz ferie z przyjaci\u00f3\u0142mi, chcecie zabra\u0107 Wasze dzieci, a nie wiecie jak zebra\u0107 wszystkich do jednego auta, wypo\u017cyczalnia bus\u00f3w z Warszawy wychodzi Wam naprzeciw! Dzi\u0119ki 9 osobowym busom b\u0119dziecie mogli spokojnie wybra\u0107 si\u0119 na Wasz\u0105 wymarzon\u0105 podr\u00f3\u017c np. w g\u00f3ry. Ferie to idealny czas, aby sp\u0119dzi\u0107 czas razem w ulubionym gronie, zaoszcz\u0119dzaj\u0105c pieni\u0105dze, nie martwi\u0105c si\u0119 o baga\u017c i warunki na drodze. Busy z Warszawy s\u0105 w pe\u0142ni bezpieczne i przygotowane do podr\u00f3\u017cowania w ka\u017cdych warunkach!<\/p>\n<h2>Wypo\u017cyczanie bus\u00f3w to same korzy\u015bci!<\/h2>\n<p><strong>\u00a0\u00a0\u00a0\u00a0\u00a0\u00a0\u00a0\u00a0 <\/strong>Zastanawiasz si\u0119 jakie plusy ma wynajem bus\u00f3w z Warszawy? Je\u015bli zdecydujesz si\u0119 przyk\u0142adowo na Opla Vivaro, masz zapewnion\u0105 spokojn\u0105, bezawaryjn\u0105 podr\u00f3\u017c! Samoch\u00f3d jest komfortowo wyciszony, co wp\u0142ywa na spok\u00f3j podczas podr\u00f3\u017cy i brak zak\u0142\u00f3ce\u0144, je\u015bli chodzi o rozmowy ze znajomymi, nic nie zak\u0142\u00f3ci muzyki w radiu, Wasz\u0105 podr\u00f3\u017c\u0105 b\u0119dziecie cieszy\u0107 si\u0119 ju\u017c w trakcie trasy! Przestrze\u0144, kt\u00f3r\u0105 zapewniaj\u0105 tego typu busy pozwala na zachowanie odpowiedniej odleg\u0142o\u015bci foteli od siebie, w poje\u017adzie nie ma mowy o \u015bcisku i braku przestrzeni. Ponadto baga\u017cnik Opla jest w stanie pomie\u015bci\u0107 bardzo du\u017c\u0105 ilo\u015b\u0107 baga\u017cu, wi\u0119c jest idealnym pojazdem, je\u015bli chodzi o wyjazdy turystyczne! Busy idealnie sprawdzaj\u0105 si\u0119 w g\u00f3rskich warunkach, s\u0105 bezkolizyjne co jest najistotniejsze w planowaniu ka\u017cdej podr\u00f3\u017cy! Wypo\u017cyczalnia bus\u00f3w Warszawa to przede wszystkim niskie koszty! Podr\u00f3\u017cowanie w 9 os\u00f3b z pewno\u015bci\u0105 w korzystny spos\u00f3b wp\u0142ynie na zawarto\u015b\u0107 Waszych portfeli, b\u0119dziecie mogli cieszy\u0107 si\u0119 z zaoszcz\u0119dzonych pieni\u0119dzy, kt\u00f3re zamiast na paliwo, wydacie na atrakcje turystyczne!<\/p>\n<h2>Podr\u00f3\u017c atrakcj\u0105 dla dzieci!<\/h2>\n<p><strong>\u00a0\u00a0\u00a0\u00a0\u00a0\u00a0\u00a0\u00a0 <\/strong>Wasze dzieci s\u0105 zm\u0119czone d\u0142ugim podr\u00f3\u017cowaniem? Wyjazd w ferie w g\u00f3ry nierzadko wi\u0105\u017ce si\u0119 z d\u0142ugimi kilometrami do przebycia. Na szcz\u0119\u015bcie wynajem bus\u00f3w w Warszawie zapewnia bezp\u0142atne wifi w swoich pojazdach, a tak\u017ce przestrze\u0144, kt\u00f3ra umo\u017cliwia dzieciom gry i zabawy na ,,pok\u0142adzie\u201d busa. Wasze dzieci b\u0119d\u0105 mog\u0142y si\u0119 ze sob\u0105 w \u0142atwy spos\u00f3b komunikowa\u0107 a sama jazda du\u017cym autem z pewno\u015bci\u0105 oka\u017ce si\u0119 dla nich frajd\u0105!<\/p>\n<p>Je\u015bli planujecie ferie w wi\u0119kszym gronie a podr\u00f3\u017c dwoma autami przyprawia Was o g\u0119si\u0105 sk\u00f3rk\u0119, nie ma na co czeka\u0107 \u2013 wynajmijcie 9-osobowego busa w Wynajem Bus\u00f3w Warszawa!\u00a0 Dzi\u0119ki sprawdzonym autom, kt\u00f3re spe\u0142niaj\u0105 swoje zdanie w ka\u017cdych warunkach nie musicie martwi\u0107 si\u0119 o Wasze bezpiecze\u0144stwo a wyjazd w ferie b\u0119dzie dla Was czyst\u0105 przyjemno\u015bci\u0105!<\/p>\n","protected":false},"excerpt":{"rendered":"<p>Wynajem bus\u00f3w do przewozu os\u00f3b jest bardzo korzystnym rozwi\u0105zaniem bez wzgl\u0119du na sytuacje. Kusz\u0105 po pierwsze niskie koszty, a tak\u017ce dysponowanie autem przez wybrany przez Nas okres czasu. Wypo\u017cyczanie tego typu pojazd\u00f3w staje si\u0119 coraz cz\u0119stsze zar\u00f3wno w\u015br\u00f3d firm, jak i os\u00f3b prywatnych, szczeg\u00f3lnie ze wzgl\u0119du na to, \u017ce busy mog\u0105 pomie\u015bci\u0107 niestandardow\u0105 liczb\u0119 os\u00f3b. [&hellip;]<\/p>\n","protected":false},"author":1,"featured_media":559,"comment_status":"closed","ping_status":"closed","sticky":false,"template":"","format":"standard","meta":{"footnotes":""},"categories":[1],"tags":[],"class_list":["post-557","post","type-post","status-publish","format-standard","has-post-thumbnail","hentry","category-informacje-ogolne"],"aioseo_notices":[],"_links":{"self":[{"href":"http:\/\/busywynajem.eu\/index.php?rest_route=\/wp\/v2\/posts\/557","targetHints":{"allow":["GET"]}}],"collection":[{"href":"http:\/\/busywynajem.eu\/index.php?rest_route=\/wp\/v2\/posts"}],"about":[{"href":"http:\/\/busywynajem.eu\/index.php?rest_route=\/wp\/v2\/types\/post"}],"author":[{"embeddable":true,"href":"http:\/\/busywynajem.eu\/index.php?rest_route=\/wp\/v2\/users\/1"}],"replies":[{"embeddable":true,"href":"http:\/\/busywynajem.eu\/index.php?rest_route=%2Fwp%2Fv2%2Fcomments&post=557"}],"version-history":[{"count":2,"href":"http:\/\/busywynajem.eu\/index.php?rest_route=\/wp\/v2\/posts\/557\/revisions"}],"predecessor-version":[{"id":560,"href":"http:\/\/busywynajem.eu\/index.php?rest_route=\/wp\/v2\/posts\/557\/revisions\/560"}],"wp:featuredmedia":[{"embeddable":true,"href":"http:\/\/busywynajem.eu\/index.php?rest_route=\/wp\/v2\/media\/559"}],"wp:attachment":[{"href":"http:\/\/busywynajem.eu\/index.php?rest_route=%2Fwp%2Fv2%2Fmedia&parent=557"}],"wp:term":[{"taxonomy":"category","embeddable":true,"href":"http:\/\/busywynajem.eu\/index.php?rest_route=%2Fwp%2Fv2%2Fcategories&post=557"},{"taxonomy":"post_tag","embeddable":true,"href":"http:\/\/busywynajem.eu\/index.php?rest_route=%2Fwp%2Fv2%2Ftags&post=557"}],"curies":[{"name":"wp","href":"https:\/\/api.w.org\/{rel}","templated":true}]}}