{"id":686,"date":"2022-07-14T13:11:20","date_gmt":"2022-07-14T11:11:20","guid":{"rendered":"https:\/\/busywynajem.eu\/?p=686"},"modified":"2022-07-14T13:12:34","modified_gmt":"2022-07-14T11:12:34","slug":"nasz-bus-we-wloszech","status":"publish","type":"post","link":"http:\/\/busywynajem.eu\/?p=686","title":{"rendered":"Nasz bus we W\u0142oszech!"},"content":{"rendered":"<p>[vc_row][vc_column][vc_column_text]Nasz bus odwiedzi\u0142 w tym roku Treviso we W\u0142oszech :)[\/vc_column_text][vc_row_inner][vc_column_inner width=&#8221;1\/2&#8243;][vc_single_image image=&#8221;683&#8243; img_size=&#8221;full&#8221;][\/vc_column_inner][vc_column_inner width=&#8221;1\/2&#8243;][vc_single_image image=&#8221;682&#8243; img_size=&#8221;full&#8221;][\/vc_column_inner][\/vc_row_inner][\/vc_column][\/vc_row]<\/p>\n","protected":false},"excerpt":{"rendered":"<p>[\/vc_row]<\/p>\n","protected":false},"author":1,"featured_media":683,"comment_status":"closed","ping_status":"closed","sticky":false,"template":"","format":"standard","meta":{"footnotes":""},"categories":[1],"tags":[],"class_list":["post-686","post","type-post","status-publish","format-standard","has-post-thumbnail","hentry","category-informacje-ogolne"],"aioseo_notices":[],"_links":{"self":[{"href":"http:\/\/busywynajem.eu\/index.php?rest_route=\/wp\/v2\/posts\/686","targetHints":{"allow":["GET"]}}],"collection":[{"href":"http:\/\/busywynajem.eu\/index.php?rest_route=\/wp\/v2\/posts"}],"about":[{"href":"http:\/\/busywynajem.eu\/index.php?rest_route=\/wp\/v2\/types\/post"}],"author":[{"embeddable":true,"href":"http:\/\/busywynajem.eu\/index.php?rest_route=\/wp\/v2\/users\/1"}],"replies":[{"embeddable":true,"href":"http:\/\/busywynajem.eu\/index.php?rest_route=%2Fwp%2Fv2%2Fcomments&post=686"}],"version-history":[{"count":2,"href":"http:\/\/busywynajem.eu\/index.php?rest_route=\/wp\/v2\/posts\/686\/revisions"}],"predecessor-version":[{"id":688,"href":"http:\/\/busywynajem.eu\/index.php?rest_route=\/wp\/v2\/posts\/686\/revisions\/688"}],"wp:featuredmedia":[{"embeddable":true,"href":"http:\/\/busywynajem.eu\/index.php?rest_route=\/wp\/v2\/media\/683"}],"wp:attachment":[{"href":"http:\/\/busywynajem.eu\/index.php?rest_route=%2Fwp%2Fv2%2Fmedia&parent=686"}],"wp:term":[{"taxonomy":"category","embeddable":true,"href":"http:\/\/busywynajem.eu\/index.php?rest_route=%2Fwp%2Fv2%2Fcategories&post=686"},{"taxonomy":"post_tag","embeddable":true,"href":"http:\/\/busywynajem.eu\/index.php?rest_route=%2Fwp%2Fv2%2Ftags&post=686"}],"curies":[{"name":"wp","href":"https:\/\/api.w.org\/{rel}","templated":true}]}}